{"provider_url": "https://www.matozinhos.mg.leg.br", "title": "Resumo da 6\u00aa Reuni\u00e3o Ordin\u00e1ria de 2026", "html": "<p data-start=\"0\" data-end=\"110\"><span>A C\u00e2mara de Matozinhos realizou, na noite de ter\u00e7a-feira (10), a <strong>6\u00aa reuni\u00e3o ordin\u00e1ria do primeiro per\u00edodo legislativo de 2026</strong>. A sess\u00e3o foi presidida pelo vereador </span><strong data-start=\"286\" data-end=\"306\">Gercy Kb\u00e7a (PSD)</strong><span> e contou com a presen\u00e7a dos vereadores </span><strong data-start=\"346\" data-end=\"595\">Dr. Andr\u00e9 (MDB), Durute Maciel (PSD), Carlos Biga (PRD), Carlos Henrique Kak\u00e1 (PP), C\u00e9sar de Son\u00e9 (PDT), Emanuel Sincero (PSD), Professor Everton Luiz (UNI\u00c3O), Flavinho do S\u00edtio (AVANTE), Ildeu Lopes (REP), Jos\u00e9 Miguel (MDB) e Dr. Brand\u00e3o (PSDB)</strong><span>. O vereador </span><strong data-start=\"608\" data-end=\"631\">C\u00e9sar de Son\u00e9 (PDT)</strong><span> participou da reuni\u00e3o de forma remota. Esteve ausente o vereador </span><strong data-start=\"697\" data-end=\"724\">Julh\u00e3o da Oficina (PSD)</strong><span>.</span></p>\r\n<h3><span>Pequeno Expediente e Leitura de Correspond\u00eancias</span></h3>\r\n<p data-start=\"820\" data-end=\"1125\">No pequeno expediente foi apreciada a ata da 5\u00aa reuni\u00e3o ordin\u00e1ria, realizada em 3 de mar\u00e7o de 2026. A pedido do vereador <strong data-start=\"941\" data-end=\"966\">Emanuel Sincero (PSD)</strong>, 1\u00ba secret\u00e1rio da Mesa Diretora, foi dispensada a leitura integral do documento, sendo a ata aprovada por unanimidade. <span data-state=\"closed\"><span class=\"relative inline-flex items-center\"></span></span></p>\r\n<p class=\"not-prose mt-0! mb-0! flex-auto truncate\"><span>Na leitura de correspond\u00eancias, foi apresentado convite do </span><strong data-start=\"1186\" data-end=\"1211\">Tiro de Guerra 04-043</strong><span> para a cerim\u00f4nia de formatura de matr\u00edcula dos atiradores do ano de 2026, marcada para o dia 21 de mar\u00e7o.</span></p>\r\n<h3><span>Grande Expediente</span></h3>\r\n<p data-start=\"1381\" data-end=\"1490\">Durante o grande expediente deram entrada em plen\u00e1rio tr\u00eas proposi\u00e7\u00f5es para tramita\u00e7\u00e3o nas comiss\u00f5es da Casa.</p>\r\n<p data-start=\"1492\" data-end=\"1836\">O <strong data-start=\"1494\" data-end=\"1537\">Projeto de Lei Complementar n\u00ba 150/2026</strong>, de autoria da Mesa Diretora, concede revis\u00e3o geral anual de 3,90% nos vencimentos dos servidores do poder legislativo municipal. O \u00edndice corresponde ao INPC acumulado em 2025 e possui efeitos retroativos a 1\u00ba de janeiro de 2026, atualizando tamb\u00e9m as tabelas de vencimentos dos quadros da C\u00e2mara.</p>\r\n<p data-start=\"1838\" data-end=\"2334\">J\u00e1 o <strong data-start=\"1843\" data-end=\"1874\">Projeto de Lei n\u00ba 2917/2026</strong>, tamb\u00e9m de autoria da Mesa Diretora, estabelece que os servidores do poder legislativo ter\u00e3o direito a um dia de folga no dia do anivers\u00e1rio, sem preju\u00edzo da remunera\u00e7\u00e3o. A folga dever\u00e1 ser usufru\u00edda preferencialmente na pr\u00f3pria data e, caso coincida com feriado, ponto facultativo, s\u00e1bado, domingo ou f\u00e9rias, poder\u00e1 ser concedida no primeiro dia \u00fatil seguinte. O benef\u00edcio \u00e9 pessoal e n\u00e3o poder\u00e1 ser convertido em dinheiro ou acumulado para anos posteriores.</p>\r\n<p data-start=\"2336\" data-end=\"2755\">Tamb\u00e9m foi apresentado o <strong data-start=\"2361\" data-end=\"2408\">substitutivo ao Projeto de Lei n\u00ba 2914/2026</strong>, de autoria do poder executivo, que trata da revis\u00e3o anual do subs\u00eddio dos secret\u00e1rios municipais. O texto mant\u00e9m o percentual de 4,26% de recomposi\u00e7\u00e3o salarial, mas altera o \u00edndice de corre\u00e7\u00e3o para o IPCA e prop\u00f5e a revoga\u00e7\u00e3o do artigo 4\u00ba da Lei Municipal n\u00ba 2.615/2024, com o objetivo de padronizar o \u00edndice de revis\u00e3o utilizado pelo munic\u00edpio.</p>\r\n<p data-start=\"2757\" data-end=\"2988\">Durante o expediente ainda foram lidos pareceres conjuntos das comiss\u00f5es de legisla\u00e7\u00e3o, justi\u00e7a e reda\u00e7\u00e3o final e de finan\u00e7as e or\u00e7amento referentes a diversos projetos em tramita\u00e7\u00e3o na Casa. <span data-state=\"closed\"><span class=\"relative inline-flex items-center\"></span></span></p>\r\n<h3><span>Indica\u00e7\u00f5es, Requerimentos e Mo\u00e7\u00f5es</span></h3>\r\n<p data-start=\"3029\" data-end=\"3108\">Diversas proposi\u00e7\u00f5es parlamentares tamb\u00e9m foram apresentadas durante a reuni\u00e3o.</p>\r\n<p data-start=\"3110\" data-end=\"3127\"><strong data-start=\"3110\" data-end=\"3127\">Requerimentos</strong></p>\r\n<ul data-start=\"3129\" data-end=\"4323\">\r\n<li data-start=\"3129\" data-end=\"3440\">\r\n<p data-start=\"3131\" data-end=\"3440\">Requerimento n\u00ba 33/2026: solicita informa\u00e7\u00f5es detalhadas sobre a propriedade, metragem e projetos futuros para o terreno localizado entre o gin\u00e1sio poliesportivo e o bairro Bom Jesus I, sugerindo estudos para constru\u00e7\u00e3o de pra\u00e7as, condom\u00ednios residenciais ou empresas n\u00e3o poluidoras (Emanuel Sincero - PSD).</p>\r\n</li>\r\n<li data-start=\"3441\" data-end=\"3652\">\r\n<p data-start=\"3443\" data-end=\"3652\">Requerimento n\u00ba 32/2026: questiona a possibilidade e previs\u00e3o de implanta\u00e7\u00e3o de aplicativo de estacionamento regulamentado no munic\u00edpio para facilitar o uso das vagas no centro da cidade (Ildeu Lopes - REP).</p>\r\n</li>\r\n<li data-start=\"3653\" data-end=\"3902\">\r\n<p data-start=\"3655\" data-end=\"3902\">Requerimento n\u00ba 31/2026: solicita \u00e0 secretaria de educa\u00e7\u00e3o informa\u00e7\u00f5es sobre o n\u00famero de crian\u00e7as matriculadas e em lista de espera nas creches municipais, al\u00e9m do cronograma de obras das novas unidades em constru\u00e7\u00e3o (Carlos Henrique Kak\u00e1 - PP).</p>\r\n</li>\r\n<li data-start=\"3903\" data-end=\"4092\">\r\n<p data-start=\"3905\" data-end=\"4092\">Requerimento n\u00ba 30/2026: solicita estudos do poder executivo para envio de projeto de lei visando o reajuste salarial dos cargos de operador de m\u00e1quinas e motorista (Carlos Biga - PRD).</p>\r\n</li>\r\n<li data-start=\"4093\" data-end=\"4323\">\r\n<p data-start=\"4095\" data-end=\"4323\">Requerimento n\u00ba 29/2026: questiona a viabilidade de inclus\u00e3o no itiner\u00e1rio do transporte p\u00fablico de atendimento espec\u00edfico aos moradores do alto do bairro S\u00e3o Paulo, facilitando o acesso \u00e0s margens da MG-424 (Ildeu Lopes - REP).</p>\r\n</li>\r\n</ul>\r\n<p data-start=\"4325\" data-end=\"4339\"><strong data-start=\"4325\" data-end=\"4339\">Indica\u00e7\u00f5es</strong></p>\r\n<ul data-start=\"4341\" data-end=\"5912\">\r\n<li data-start=\"4341\" data-end=\"4539\">\r\n<p data-start=\"4343\" data-end=\"4539\">Indica\u00e7\u00e3o n\u00ba 61/2026: prop\u00f5e a proibi\u00e7\u00e3o de estacionamento na rua Padre Gustavo, no centro, pr\u00f3ximo ao cart\u00f3rio Nice Viana, para facilitar a manobra de \u00f4nibus universit\u00e1rios (Jos\u00e9 Miguel - MDB).</p>\r\n</li>\r\n<li data-start=\"4540\" data-end=\"4715\">\r\n<p data-start=\"4542\" data-end=\"4715\">Indica\u00e7\u00e3o n\u00ba 60/2026: solicita visita t\u00e9cnica na rotat\u00f3ria adjunta \u00e0 pra\u00e7a S\u00e3o Sebasti\u00e3o devido \u00e0 deteriora\u00e7\u00e3o do passeio causada por ve\u00edculos pesados (Ildeu Lopes - REP).</p>\r\n</li>\r\n<li data-start=\"4716\" data-end=\"4959\">\r\n<p data-start=\"4718\" data-end=\"4959\">Indica\u00e7\u00e3o n\u00ba 59/2026: solicita limpeza do cemit\u00e9rio antigo, avalia\u00e7\u00e3o de risco de queda de \u00e1rvore na rua C\u00e2ndido Fonseca Viana (n\u00ba 900) e manuten\u00e7\u00e3o das ruas Magalh\u00e3es Pinto e Expedicion\u00e1rio Jo\u00e3o Ferreira Dutra (Carlos Henrique Kak\u00e1 - PP).</p>\r\n</li>\r\n<li data-start=\"4960\" data-end=\"5139\">\r\n<p data-start=\"4962\" data-end=\"5139\">Indica\u00e7\u00e3o n\u00ba 58/2026: indica opera\u00e7\u00e3o tapa-buracos e melhoria da ilumina\u00e7\u00e3o p\u00fablica na entrada do bairro S\u00e3o Miguel, no entroncamento da MG-424 com a rua F (Gercy Kb\u00e7a - PSD).</p>\r\n</li>\r\n<li data-start=\"5140\" data-end=\"5321\">\r\n<p data-start=\"5142\" data-end=\"5321\">Indica\u00e7\u00e3o n\u00ba 57/2026: solicita poda de \u00e1rvores, capina e limpeza urbana em todos os bairros, com prioridade para Bom Jesus I e II, Presidente e Floresta (Emanuel Sincero - PSD).</p>\r\n</li>\r\n<li data-start=\"5322\" data-end=\"5491\">\r\n<p data-start=\"5324\" data-end=\"5491\">Indica\u00e7\u00e3o n\u00ba 56/2026: sugere estudo t\u00e9cnico para abertura de licita\u00e7\u00e3o visando o cadastramento de novas vans de transporte escolar no munic\u00edpio (Dr. Brand\u00e3o - PSDB).</p>\r\n</li>\r\n<li data-start=\"5492\" data-end=\"5708\">\r\n<p data-start=\"5494\" data-end=\"5708\">Indica\u00e7\u00e3o n\u00ba 55/2026: indica o asfaltamento ou concretagem do estacionamento do gin\u00e1sio poliesportivo para melhorar a organiza\u00e7\u00e3o do tr\u00e2nsito e evitar sujeira no interior da pra\u00e7a de esportes (Ildeu Lopes - REP).</p>\r\n</li>\r\n<li data-start=\"5709\" data-end=\"5912\">\r\n<p data-start=\"5711\" data-end=\"5912\">Indica\u00e7\u00e3o n\u00ba 54/2026: solicita poda de \u00e1rvores e capina na avenida Alcino Gon\u00e7alves Cota, al\u00e9m da instala\u00e7\u00e3o de placas de identifica\u00e7\u00e3o nos pontos de parada de \u00f4nibus escolares (Emanuel Sincero - PSD).</p>\r\n</li>\r\n</ul>\r\n<p data-start=\"5914\" data-end=\"5924\"><strong data-start=\"5914\" data-end=\"5924\">Mo\u00e7\u00f5es</strong></p>\r\n<ul data-start=\"5926\" data-end=\"6346\">\r\n<li data-start=\"5926\" data-end=\"6132\">\r\n<p data-start=\"5928\" data-end=\"6132\">Mo\u00e7\u00e3o n\u00ba 12/2026: mo\u00e7\u00e3o de parabeniza\u00e7\u00e3o \u00e0 CDL Matozinhos pelos 30 anos de funda\u00e7\u00e3o, comemorados em 7 de mar\u00e7o de 2026, reconhecendo a import\u00e2ncia da entidade para o com\u00e9rcio local (Dr. Brand\u00e3o - PSDB).</p>\r\n</li>\r\n<li data-start=\"6133\" data-end=\"6346\">\r\n<p data-start=\"6135\" data-end=\"6346\">Mo\u00e7\u00e3o n\u00ba 10/2026: mo\u00e7\u00e3o de agradecimento ao deputado estadual Delegado Christiano Xavier pela destina\u00e7\u00e3o de ve\u00edculos para as secretarias municipais, incluindo modelos Aircross e pick-ups (Emanuel Sincero - PSD).</p>\r\n</li>\r\n</ul>\r\n<p data-start=\"6348\" data-end=\"6480\">Os requerimentos apresentados foram colocados em vota\u00e7\u00e3o em bloco e aprovados pelo plen\u00e1rio. <span data-state=\"closed\"><span class=\"relative inline-flex items-center\"></span></span></p>\r\n<h3><span>Ordem do Dia</span></h3>\r\n<p data-start=\"6499\" data-end=\"6557\">Na ordem do dia, os vereadores analisaram quatro projetos.</p>\r\n<p data-start=\"6559\" data-end=\"6920\">Em <strong data-start=\"6562\" data-end=\"6579\">segundo turno</strong>, foi aprovado o <strong data-start=\"6596\" data-end=\"6639\">Projeto de Lei Complementar n\u00ba 141/2026</strong>, de autoria do poder executivo, que cria a secretaria municipal de desenvolvimento econ\u00f4mico e altera a Lei Complementar n\u00ba 003/2007. A proposta foi aprovada por <strong data-start=\"6802\" data-end=\"6825\">12 votos favor\u00e1veis</strong>, com aus\u00eancia do vereador <strong data-start=\"6852\" data-end=\"6879\">Julh\u00e3o da Oficina (PSD)</strong>. <span data-state=\"closed\"><span class=\"relative inline-flex items-center\"></span></span></p>\r\n<p class=\"not-prose mt-0! mb-0! flex-auto truncate\"><span>Tamb\u00e9m em </span><strong data-start=\"6932\" data-end=\"6949\">segundo turno</strong><span>, foi aprovado o </span><strong data-start=\"6966\" data-end=\"6997\">Projeto de Lei n\u00ba 2908/2026</strong><span>, que autoriza o munic\u00edpio de Matozinhos a participar do Cons\u00f3rcio Intermunicipal de Gest\u00e3o e Desenvolvimento Ambiental Sustent\u00e1vel das Vertentes (CIGEDAS Vertentes). O projeto recebeu </span><strong data-start=\"7182\" data-end=\"7205\">12 votos favor\u00e1veis</strong><span>, com aus\u00eancia do vereador </span><strong data-start=\"7232\" data-end=\"7259\">Julh\u00e3o da Oficina (PSD)</strong><span>.</span></p>\r\n<p class=\"not-prose mt-0! mb-0! flex-auto truncate\"><span>Na sequ\u00eancia, foi aprovado em </span><strong data-start=\"7332\" data-end=\"7349\">segundo turno</strong><span> o </span><strong data-start=\"7352\" data-end=\"7383\">Projeto de Lei n\u00ba 2911/2026</strong><span>, que autoriza a abertura de cr\u00e9dito especial. A mat\u00e9ria tamb\u00e9m foi aprovada por </span><strong data-start=\"7464\" data-end=\"7487\">12 votos favor\u00e1veis</strong><span>, com aus\u00eancia do vereador </span><strong data-start=\"7514\" data-end=\"7541\">Julh\u00e3o da Oficina (PSD)</strong><span>.</span></p>\r\n<p class=\"not-prose mt-0! mb-0! flex-auto truncate\"><span>J\u00e1 em </span><strong data-start=\"7590\" data-end=\"7608\">primeiro turno</strong><span>, foi aprovado o </span><strong data-start=\"7625\" data-end=\"7656\">Projeto de Lei n\u00ba 2910/2026</strong><span>, de autoria do vereador </span><strong data-start=\"7681\" data-end=\"7715\">Professor Everton Luiz (UNI\u00c3O)</strong><span>, que autoriza o poder executivo a implantar a pol\u00edtica municipal de jardins sensoriais nas escolas da rede p\u00fablica, com foco na educa\u00e7\u00e3o inclusiva, especialmente para estudantes com transtorno do espectro autista. A proposta recebeu </span><strong data-start=\"7949\" data-end=\"7972\">12 votos favor\u00e1veis</strong><span>, com aus\u00eancia do vereador </span><strong data-start=\"7999\" data-end=\"8026\">Julh\u00e3o da Oficina (PSD)</strong><span>.</span></p>\r\n<h3><span>Considera\u00e7\u00f5es Finais</span></h3>\r\n<p data-start=\"8094\" data-end=\"8381\">Durante as considera\u00e7\u00f5es finais fizeram uso da palavra os vereadores <strong data-start=\"8163\" data-end=\"8312\">Carlos Henrique Kak\u00e1 (PP), Dr. Brand\u00e3o (PSDB), Professor Everton Luiz (UNI\u00c3O), Durute Maciel (PSD), Ildeu Lopes (REP), Flavinho do S\u00edtio (AVANTE)</strong> e <strong data-start=\"8315\" data-end=\"8340\">Emanuel Sincero (PSD)</strong>.</p>\r\n<p data-start=\"8383\" data-end=\"8532\" data-is-last-node=\"\" data-is-only-node=\"\">A \u00edntegra da reuni\u00e3o pode ser assistida no canal oficial da C\u00e2mara Municipal de Matozinhos no YouTube:<br data-start=\"8485\" data-end=\"8488\" /><a class=\"decorated-link\" href=\"https://www.youtube.com/watch?v=NJM-NNSaW4E\" rel=\"noopener\" target=\"_new\" data-start=\"8488\" data-end=\"8531\">https://www.youtube.com/watch?v=NJM-NNSaW4E<span class=\"ms-0.5 inline-block align-middle leading-none\"></span></a>.</p>", "author_name": "", "version": "1.0", "author_url": "https://www.matozinhos.mg.leg.br/author/diogenes", "provider_name": "C\u00e2mara de Matozinhos", "type": "rich"}