{"provider_url": "https://www.matozinhos.mg.leg.br", "title": "Dr. Andr\u00e9 \u00e9 Eleito novo Presidente da C\u00e2mara", "html": "<p class=\" \"><span>Na noite desta ter\u00e7a-feira, 28 de abril de 2026, durante a <strong>13\u00aa Reuni\u00e3o Ordin\u00e1ria da C\u00e2mara\u00a0de Matozinhos</strong>, o vereador Dr. Andr\u00e9 (MDB) foi eleito o novo presidente da Mesa Diretora da Casa, para complementar o bi\u00eanio 2025/2026. A elei\u00e7\u00e3o suplementar foi conduzida pelo ent\u00e3o presidente interino, tamb\u00e9m Dr. Andr\u00e9, que havia assumido a presid\u00eancia interinamente ap\u00f3s a ren\u00fancia do vereador Gercy Kbe\u00e7a, ocorrida na reuni\u00e3o anterior.</span></p>\r\n<p class=\" \">Registrada apenas a candidatura do pr\u00f3prio Dr. Andr\u00e9, a vota\u00e7\u00e3o ocorreu de forma nominal, conforme determina o Regimento Interno (Resolu\u00e7\u00e3o n\u00ba 338/2022). O parlamentar recebeu\u00a0<span>onze votos favor\u00e1veis e dois contr\u00e1rios</span>, sendo declarado eleito para o cargo de presidente da Mesa Diretora.</p>\r\n<p class=\"ds-markdown-paragraph\">Logo ap\u00f3s a proclama\u00e7\u00e3o do resultado, Dr. Andr\u00e9 fez uso da palavra e, em discurso emocionado, destacou a trajet\u00f3ria pol\u00edtica, a gratid\u00e3o aos apoiadores e o compromisso com a gest\u00e3o da Casa Legislativa.</p>\r\n<blockquote>\r\n<p class=\"ds-markdown-paragraph\"><em>\u201cAssumir a presid\u00eancia dessa casa n\u00e3o \u00e9 apenas ocupar um cargo, \u00e9 compreender a grandeza da responsabilidade que estamos recebendo, \u00e9 ter consci\u00eancia de que cada decis\u00e3o tomada aqui vai impactar diretamente na vida das pessoas que vivem em nossa cidade.\u201d</em></p>\r\n</blockquote>\r\n<p class=\"ds-markdown-paragraph\"><span>Ele ainda agradeceu \u00e0 fam\u00edlia, as pessoas\u00a0<span>que marcaram sua forma\u00e7\u00e3o pol\u00edtica</span> e aos colaboradores, onde reafirmou os princ\u00edpios de sua gest\u00e3o:</span></p>\r\n<blockquote>\r\n<p class=\"ds-markdown-paragraph\"><em>\u201cMeu compromisso ser\u00e1 com o di\u00e1logo, com o respeito institucional e com a constru\u00e7\u00e3o de solu\u00e7\u00f5es. Essa casa ser\u00e1 um espa\u00e7o de trabalho s\u00e9rio, transparente e voltado para resultados reais. Defenderei o poder Legislativo e tamb\u00e9m a sua imagem enquanto estiver \u00e0 chefia dessa casa.\u201d</em></p>\r\n</blockquote>\r\n<h3><span>Elei\u00e7\u00e3o para vice-presid\u00eancia</span></h3>\r\n<p class=\"ds-markdown-paragraph\">Com a elei\u00e7\u00e3o do novo presidente, o cargo de vice-presidente da Mesa Diretora ficou vago. Conforme determina o artigo 20 do Regimento Interno, ser\u00e1 realizada uma nova elei\u00e7\u00e3o suplementar para preenchimento da vaga. O pleito ocorrer\u00e1 na\u00a0<span>primeira reuni\u00e3o ordin\u00e1ria do m\u00eas de maio</span>, marcada para a pr\u00f3xima ter\u00e7a-feira,\u00a0<span>dia 5 de maio de 2026</span>, tamb\u00e9m conduzida pelo presidente da Casa.</p>\r\n<p class=\"ds-markdown-paragraph\">A C\u00e2mara Matozinhos segue com seus trabalhos legislativos em plena normalidade, agora sob a presid\u00eancia do vereador Dr. Andr\u00e9.</p>", "author_name": "", "version": "1.0", "author_url": "https://www.matozinhos.mg.leg.br/author/diogenes", "provider_name": "C\u00e2mara de Matozinhos", "type": "rich"}